{"id":3966,"date":"2015-08-05T04:37:00","date_gmt":"2015-08-05T04:37:00","guid":{"rendered":"https:\/\/expedia.blog.it.sandwave.dev\/stories\/?p=3966"},"modified":"2021-09-01T22:03:44","modified_gmt":"2021-09-01T22:03:44","slug":"angelo-cricchi-la-mia-roma-si-sveglia-di-notte","status":"publish","type":"post","link":"https:\/\/www.expedia.it\/stories\/angelo-cricchi-la-mia-roma-si-sveglia-di-notte\/","title":{"rendered":"Angelo Cricchi: La mia Roma si sveglia di notte"},"content":{"rendered":"<p>&#8220;<em>Un viaggio nei luoghi non convenzionali della Capitale in compagnia del fotografo e regista Angelo Cricchi.<\/em><\/p>\n<p>Ex atleta, oggi \u00e8 un nome noto a livello internazionale grazie a una vasta esperienza come <strong>fotografo di moda<\/strong> per <em>magazine<\/em> di tutto il mondo, e alle produzioni <em>Art &#038; Fashion<\/em> della sua Lostandfound. Innamorato di Roma, dove \u00e8 nato, Angelo Cricchi \u00e8 il <strong>direttore creativo della rivista &#8220;Mia Le Journal&#8221;<\/strong> e <strong>direttore del dipartimento Fashion<\/strong> presso l&#8217;Istituto Superiore di Fotografia e Comunicazione Integrata di San Lorenzo. Quale guida migliore per cercare uno sguardo inconsueto sulla citt\u00e0 eterna e i suoi spazi meno frequentati.<\/p>\n<figure class='image' data-markdown='1'>\n<p><img decoding=\"async\" src=\"https:\/\/a.travel-assets.com\/findyours-php\/viewfinder\/images\/res40\/37000\/37726.jpg\" alt=\"\" \/><figcaption>Ritratto di Angelo Cricchi. Courtesy of \u00a9 Angelo Cricchi, 2015. www.lostandfoundstudio.it, www.angelocricchi.com<\/figcaption><\/figure>\n<p><strong>A spasso per Roma, da dove partiamo?<\/strong>  <br \/>&#8220;Esteticamente trovo imprescindibile l&#8217;Appia Antica e la Roma fatta di rovine, quella archeologica di Cecilia Metella, per intendersi. Sono molto legato a Roma. E&#8217; una citt\u00e0 che si divide in zone diverse e che spesso non si contaminano tra loro&#8221;.<\/p>\n<p><strong>E poi?<\/strong>  <br \/>&#8220;Continuerei la mia visita all&#8217;Eur. E&#8217; un quartiere molto conosciuto, ma capace di rivelarsi &#8216;pieno di vuoti&#8217;. Specie di notte ha grande fascino. E poi il mare, la zona di Capocotta. Un posto scontato per chi ci vive, ma si sa che spesso finiamo per derubricare in maniera provinciale i luoghi a noi noti per mitizzare quelli degli altri. Non a caso, ricordo che quando avevo contattato Peter Lindbergh per propormi come suo assistente: l&#8217;agente mi aveva detto che stava lavorando proprio a Capocotta&#8221;.<\/p>\n<figure class='image' data-markdown='1'>\n<p><img decoding=\"async\" src=\"https:\/\/a.travel-assets.com\/findyours-php\/viewfinder\/images\/res40\/37000\/37727.jpg\" alt=\"\" \/><figcaption>Una modella all&#8217;Eur. Courtesy of \u00a9 Angelo Cricchi, 2015. <a href=\"http:\/\/www.lostandfoundstudio.it\/\">www.lostandfoundstudio.it<\/a>, <a href=\"http:\/\/www.angelocricchi.com\/\">www.angelocricchi.com<\/a><\/figcaption><\/figure>\n<p><strong>Vuoti che evidentemente sono stimolanti a livello creativo, no?<\/strong>  <br \/>&#8220;Fanno parte del mio fotografare, sono vuoti abbastanza pieni. Parliamo di una architettura forte, colma di storia in molti casi. Ma c&#8217;\u00e8 anche una Roma pi\u00f9 divertente, ugualmente classica in qualche modo. Quella di Testaccio, del monte dei Cocci, e la zona del MACRO, esteticamente molto bello, o del vecchio porto romano. Una storia che passa anche attraverso il cibo, visto che molta della cucina tradizionale, fatta anche di interiora e frattaglie, nasce l\u00ec. E poi Piazza Navona e Campo de Fiori, dove mi capita spesso di andare quando sono da solo&#8221;.<\/p>\n<p><strong>C&#8217;\u00e8 anche una Roma scomparsa, che in molti rimpiangono. Anche lei?<\/strong>  <br \/>&#8220;C&#8217;\u00e8 un cambiamento netto di fruizione. Oggi la citt\u00e0 di notte \u00e8 piena di gente, di tutte le et\u00e0, che va per locali durante l&#8217;intera settimana: a San Lorenzo, a Ostiense e al Pigneto, che non amo troppo, ma frequento avendo lo studio a Portonaccio. C&#8217;\u00e8 anche un&#8217;architettura industriale molto bella&#8221;.<\/p>\n<p><strong>Ci dica di pi\u00f9 del suo studio a Portonaccio&#8230;<\/strong>  <br \/>&#8220;Ho uno spazio in un edificio industriale a via Arimondi, davanti alla ferrovia e accanto al Qube, uno dei nuovi luoghi di svago. Un palazzo oggi abitato da vari artisti. Sono stato il primo ad arrivare. Spesso la notte si organizzano feste con centinaia di invitati che vanno avanti fino a mattina a far baldoria&#8221;.<\/p>\n<p><strong>Dunque si torna a parlare di notte&#8230;<\/strong>  <br \/>&#8220;Roma \u00e8 una citt\u00e0 essenzialmente notturna. Con il solleone \u00e8 decisamente turistica. Di giorno mi vengono in mente la parte museale non troppo frequentata dei musei minori, come Palazzo Altemps, oppure il Foro Romano o le chiese del centro, e dove almeno una volta al mese devo andare, come toccasana&#8221;.<\/p>\n<figure class='image' data-markdown='1'>\n<p><img decoding=\"async\" src=\"https:\/\/a.travel-assets.com\/findyours-php\/viewfinder\/images\/res40\/37000\/37728.jpg\" alt=\"\" \/><figcaption>La spiaggia del litorale romano. Courtesy of \u00a9 Angelo Cricchi, 2015. <a href=\"http:\/\/www.lostandfoundstudio.it\/\">www.lostandfoundstudio.it<\/a>, <a href=\"http:\/\/www.angelocricchi.com\/\">www.angelocricchi.com<\/a><\/figcaption><\/figure>\n<p><strong>Ma Roma \u00e8 famosa per saper sempre sorprendere. Impossibile da conoscere tutta. Qual \u00e8 stata la sua ultima scoperta?<\/strong>  <br \/>&#8220;Ogni tanto trovi delle stradine dove non eri mai stato o hai la possibilit\u00e0 di entrare in luoghi prima inaccessibili. Come in questi giorni succede alla Zecca. Personalmente, ho scoperto da poco la Rampa Prenestina. Un posto stranissimo sulla via Prenestina. Una specie di torre, con un buco in mezzo, come il Pantheon. \u00c8 la rampa di un parcheggio che non arriva da nessuna parte. Non so perch\u00e9 l&#8217;abbiano costruita, ma da qualche mese l&#8217;hanno adibita a sede di eventi. Come la Citt\u00e0 dello Sport che si vede all&#8217;inizio della Roma-Napoli. Doveva essere lo Stadio del Nuoto per i Mondiali del 2009, ora la conoscono tutti come la Vela di Calatrava, ma sembra una grande balena spiaggiata. \u00c8 un posto eccezionale, non aperto al pubblico. Alla fine sono riuscito ad avere i permessi per poter girare l\u00ec&#8221;.<\/p>\n<p><strong>Una citt\u00e0 sempre pi\u00f9 grande. \u00c8 cambiato il modo di viverla e di lavorarci? O di amarla?<\/strong>  <br \/>&#8220;No. Anno dopo anno scopri la citt\u00e0 e la sua bellezza. Una realt\u00e0 che \u00e8 difficile paragonare ad altre come Parigi, Londra, Berlino, New York. Questo \u00e8 il limite di Roma, il suo non essere contemporanea. Quando si dice che Roma \u00e8 eterna, \u00e8 anche perch\u00e9 in un certo senso non si muove. \u00c8 una staticit\u00e0, una fissit\u00e0, che possono essere consolanti, ma che dal punto di vista di un artista ti mettono a confronto solo con capolavori eterni e non con la contemporaneit\u00e0&#8221;.<\/p>\n<p><strong>Quanto il suo lavoro continua a nutrirsi di Roma?<\/strong>  <br \/>&#8220;Ho appena collaborato con alcuni studenti della East London University per la creazione di percorso dedicato a Pasolini. Qualcosa che pu\u00f2 esser banale per alcuni italiani, ma per un inglese sicuramente no. Li ho portati all&#8217;Idroscalo e all&#8217;acquedotto romano sulla Tuscolana. Luoghi che a me piacciono molto e che l&#8217;americano Joel Sternfeld ha fotografato nel libro &#8216;Campagna romana&#8217;. Quando l&#8217;ho scoperto ho provato invidia e frustrazione. Quelli erano gli scorci che io vedevo svegliandomi da casa, tutte le mattine, nei primi anni &#8217;90. E lui era arrivato dal Michigan per farne un bellissimo libro&#8221;.<\/p>\n<p><strong>Cosa ci sar\u00e0 invece nella sua prossima mostra?<\/strong>  <br \/>&#8220;Il titolo \u00e8 <em>Musa<\/em>, ed \u00e8 in programma in uno spazio vicino all&#8217;orto botanico, la Galleria Giacomo Guidi, a partire dal 9 luglio. Ho portato 26 attrici in 20 studi di artisti romani contemporanei, dal writer di Ostia che lavora in un garage allo Studio Tirelli a San Lorenzo o in quelli di altri artisti pi\u00f9 conosciuti. \u00c8 stato un contrasto interessante, utile per mostrare gli interni di questi ambienti. Ma l&#8217;idea di far incontrare cinema e arte \u00e8 qualcosa che mi appartiene da sempre&#8221;.<\/p>\n<figure class='image' data-markdown='1'>\n<p><img decoding=\"async\" src=\"https:\/\/a.travel-assets.com\/findyours-php\/viewfinder\/images\/res40\/37000\/37729.jpg\" alt=\"\" \/><figcaption>Sullo sfondo del servizio fotografico di moda le arcate dell&#8217;antico acquedotto romano.  <br \/>Courtesy of \u00a9 Angelo Cricchi, 2015. <a href=\"http:\/\/www.lostandfoundstudio.it\/\">www.lostandfoundstudio.it<\/a>, <a href=\"http:\/\/www.angelocricchi.com\/\">www.angelocricchi.com<\/a><\/figcaption><\/figure>\n<p>&#8220;<\/p>\n","protected":false},"excerpt":{"rendered":"<p>Angelo Cricchi: La mia Roma si sveglia di notte<\/p>\n","protected":false},"author":6,"featured_media":3968,"comment_status":"open","ping_status":"open","sticky":false,"template":"","format":"standard","meta":{"_acf_changed":false,"footnotes":""},"categories":[112],"tags":[90,69,100,26,5],"authors":[],"class_list":["post-3966","post","type-post","status-publish","format-standard","has-post-thumbnail","hentry","category-quirky","tag-bars","tag-city-break","tag-interviews","tag-like-a-local","tag-quirky","entry"],"acf":[],"yoast_head":"<!-- This site is optimized with the Yoast SEO plugin v23.7 - https:\/\/yoast.com\/wordpress\/plugins\/seo\/ -->\n<title>Angelo Cricchi: La mia Roma si sveglia di notte<\/title>\n<meta name=\"description\" content=\"Angelo Cricchi: La mia Roma si sveglia di notte\" \/>\n<meta name=\"robots\" content=\"index, follow, max-snippet:-1, max-image-preview:large, max-video-preview:-1\" \/>\n<link rel=\"canonical\" href=\"https:\/\/www.expedia.it\/stories\/angelo-cricchi-la-mia-roma-si-sveglia-di-notte\/\" \/>\n<meta property=\"og:locale\" content=\"en_US\" \/>\n<meta property=\"og:type\" content=\"article\" \/>\n<meta property=\"og:title\" content=\"Angelo Cricchi: La mia Roma si sveglia di notte\" \/>\n<meta property=\"og:description\" content=\"Angelo Cricchi: La mia Roma si sveglia di notte\" \/>\n<meta property=\"og:url\" content=\"https:\/\/www.expedia.it\/stories\/angelo-cricchi-la-mia-roma-si-sveglia-di-notte\/\" \/>\n<meta property=\"og:site_name\" content=\"Expedia.it\" \/>\n<meta property=\"article:published_time\" content=\"2015-08-05T04:37:00+00:00\" \/>\n<meta property=\"article:modified_time\" content=\"2021-09-01T22:03:44+00:00\" \/>\n<meta property=\"og:image\" content=\"https:\/\/a.travel-assets.com\/findyours-php\/viewfinder\/images\/res40\/15000\/15748-share-image.jpg\" \/>\n<meta name=\"author\" content=\"Expedia Team\" \/>\n<meta name=\"twitter:card\" content=\"summary_large_image\" \/>\n<meta name=\"twitter:label1\" content=\"Written by\" \/>\n\t<meta name=\"twitter:data1\" content=\"Expedia Team\" \/>\n\t<meta name=\"twitter:label2\" content=\"Est. reading time\" \/>\n\t<meta name=\"twitter:data2\" content=\"5 minutes\" \/>\n<script type=\"application\/ld+json\" class=\"yoast-schema-graph\">{\"@context\":\"https:\/\/schema.org\",\"@graph\":[{\"@type\":\"WebPage\",\"@id\":\"https:\/\/www.expedia.it\/stories\/angelo-cricchi-la-mia-roma-si-sveglia-di-notte\/\",\"url\":\"https:\/\/www.expedia.it\/stories\/angelo-cricchi-la-mia-roma-si-sveglia-di-notte\/\",\"name\":\"Angelo Cricchi: La mia Roma si sveglia di notte\",\"isPartOf\":{\"@id\":\"https:\/\/www.expedia.it\/stories\/#website\"},\"primaryImageOfPage\":{\"@id\":\"https:\/\/www.expedia.it\/stories\/angelo-cricchi-la-mia-roma-si-sveglia-di-notte\/#primaryimage\"},\"image\":{\"@id\":\"https:\/\/www.expedia.it\/stories\/angelo-cricchi-la-mia-roma-si-sveglia-di-notte\/#primaryimage\"},\"thumbnailUrl\":\"https:\/\/www.expedia.it\/stories\/wp-content\/uploads\/2021\/06\/15748-share-image.jpg\",\"datePublished\":\"2015-08-05T04:37:00+00:00\",\"dateModified\":\"2021-09-01T22:03:44+00:00\",\"author\":{\"@id\":\"https:\/\/www.expedia.it\/stories\/#\/schema\/person\/7420ac2a0d206769c4bee055dd92a389\"},\"description\":\"Angelo Cricchi: La mia Roma si sveglia di notte\",\"breadcrumb\":{\"@id\":\"https:\/\/www.expedia.it\/stories\/angelo-cricchi-la-mia-roma-si-sveglia-di-notte\/#breadcrumb\"},\"inLanguage\":\"en-US\",\"potentialAction\":[{\"@type\":\"ReadAction\",\"target\":[\"https:\/\/www.expedia.it\/stories\/angelo-cricchi-la-mia-roma-si-sveglia-di-notte\/\"]}]},{\"@type\":\"ImageObject\",\"inLanguage\":\"en-US\",\"@id\":\"https:\/\/www.expedia.it\/stories\/angelo-cricchi-la-mia-roma-si-sveglia-di-notte\/#primaryimage\",\"url\":\"https:\/\/www.expedia.it\/stories\/wp-content\/uploads\/2021\/06\/15748-share-image.jpg\",\"contentUrl\":\"https:\/\/www.expedia.it\/stories\/wp-content\/uploads\/2021\/06\/15748-share-image.jpg\",\"width\":1024,\"height\":416},{\"@type\":\"BreadcrumbList\",\"@id\":\"https:\/\/www.expedia.it\/stories\/angelo-cricchi-la-mia-roma-si-sveglia-di-notte\/#breadcrumb\",\"itemListElement\":[{\"@type\":\"ListItem\",\"position\":1,\"name\":\"Explore\",\"item\":\"https:\/\/www.expedia.it\/stories\/\"},{\"@type\":\"ListItem\",\"position\":2,\"name\":\"Quirky\",\"item\":\"https:\/\/www.expedia.it\/stories\/quirky\/\"},{\"@type\":\"ListItem\",\"position\":3,\"name\":\"Angelo Cricchi: La mia Roma si sveglia di notte\"}]},{\"@type\":\"WebSite\",\"@id\":\"https:\/\/www.expedia.it\/stories\/#website\",\"url\":\"https:\/\/www.expedia.it\/stories\/\",\"name\":\"Expedia.it\",\"description\":\"Il Tuo Viaggio Comincia Qui\",\"potentialAction\":[{\"@type\":\"SearchAction\",\"target\":{\"@type\":\"EntryPoint\",\"urlTemplate\":\"https:\/\/www.expedia.it\/stories\/?s={search_term_string}\"},\"query-input\":{\"@type\":\"PropertyValueSpecification\",\"valueRequired\":true,\"valueName\":\"search_term_string\"}}],\"inLanguage\":\"en-US\"},{\"@type\":\"Person\",\"@id\":\"https:\/\/www.expedia.it\/stories\/#\/schema\/person\/7420ac2a0d206769c4bee055dd92a389\",\"name\":\"Expedia Team\",\"image\":{\"@type\":\"ImageObject\",\"inLanguage\":\"en-US\",\"@id\":\"https:\/\/www.expedia.it\/stories\/#\/schema\/person\/image\/\",\"url\":\"https:\/\/secure.gravatar.com\/avatar\/462d1c27805d4ef11d34ed16118fa530?s=96&d=mm&r=g\",\"contentUrl\":\"https:\/\/secure.gravatar.com\/avatar\/462d1c27805d4ef11d34ed16118fa530?s=96&d=mm&r=g\",\"caption\":\"Expedia Team\"},\"url\":\"https:\/\/www.expedia.it\/stories\/author\/expedia-team\/\"}]}<\/script>\n<!-- \/ Yoast SEO plugin. -->","yoast_head_json":{"title":"Angelo Cricchi: La mia Roma si sveglia di notte","description":"Angelo Cricchi: La mia Roma si sveglia di notte","robots":{"index":"index","follow":"follow","max-snippet":"max-snippet:-1","max-image-preview":"max-image-preview:large","max-video-preview":"max-video-preview:-1"},"canonical":"https:\/\/www.expedia.it\/stories\/angelo-cricchi-la-mia-roma-si-sveglia-di-notte\/","og_locale":"en_US","og_type":"article","og_title":"Angelo Cricchi: La mia Roma si sveglia di notte","og_description":"Angelo Cricchi: La mia Roma si sveglia di notte","og_url":"https:\/\/www.expedia.it\/stories\/angelo-cricchi-la-mia-roma-si-sveglia-di-notte\/","og_site_name":"Expedia.it","article_published_time":"2015-08-05T04:37:00+00:00","article_modified_time":"2021-09-01T22:03:44+00:00","og_image":[{"url":"https:\/\/a.travel-assets.com\/findyours-php\/viewfinder\/images\/res40\/15000\/15748-share-image.jpg"}],"author":"Expedia Team","twitter_card":"summary_large_image","twitter_misc":{"Written by":"Expedia Team","Est. reading time":"5 minutes"},"schema":{"@context":"https:\/\/schema.org","@graph":[{"@type":"WebPage","@id":"https:\/\/www.expedia.it\/stories\/angelo-cricchi-la-mia-roma-si-sveglia-di-notte\/","url":"https:\/\/www.expedia.it\/stories\/angelo-cricchi-la-mia-roma-si-sveglia-di-notte\/","name":"Angelo Cricchi: La mia Roma si sveglia di notte","isPartOf":{"@id":"https:\/\/www.expedia.it\/stories\/#website"},"primaryImageOfPage":{"@id":"https:\/\/www.expedia.it\/stories\/angelo-cricchi-la-mia-roma-si-sveglia-di-notte\/#primaryimage"},"image":{"@id":"https:\/\/www.expedia.it\/stories\/angelo-cricchi-la-mia-roma-si-sveglia-di-notte\/#primaryimage"},"thumbnailUrl":"https:\/\/www.expedia.it\/stories\/wp-content\/uploads\/2021\/06\/15748-share-image.jpg","datePublished":"2015-08-05T04:37:00+00:00","dateModified":"2021-09-01T22:03:44+00:00","author":{"@id":"https:\/\/www.expedia.it\/stories\/#\/schema\/person\/7420ac2a0d206769c4bee055dd92a389"},"description":"Angelo Cricchi: La mia Roma si sveglia di notte","breadcrumb":{"@id":"https:\/\/www.expedia.it\/stories\/angelo-cricchi-la-mia-roma-si-sveglia-di-notte\/#breadcrumb"},"inLanguage":"en-US","potentialAction":[{"@type":"ReadAction","target":["https:\/\/www.expedia.it\/stories\/angelo-cricchi-la-mia-roma-si-sveglia-di-notte\/"]}]},{"@type":"ImageObject","inLanguage":"en-US","@id":"https:\/\/www.expedia.it\/stories\/angelo-cricchi-la-mia-roma-si-sveglia-di-notte\/#primaryimage","url":"https:\/\/www.expedia.it\/stories\/wp-content\/uploads\/2021\/06\/15748-share-image.jpg","contentUrl":"https:\/\/www.expedia.it\/stories\/wp-content\/uploads\/2021\/06\/15748-share-image.jpg","width":1024,"height":416},{"@type":"BreadcrumbList","@id":"https:\/\/www.expedia.it\/stories\/angelo-cricchi-la-mia-roma-si-sveglia-di-notte\/#breadcrumb","itemListElement":[{"@type":"ListItem","position":1,"name":"Explore","item":"https:\/\/www.expedia.it\/stories\/"},{"@type":"ListItem","position":2,"name":"Quirky","item":"https:\/\/www.expedia.it\/stories\/quirky\/"},{"@type":"ListItem","position":3,"name":"Angelo Cricchi: La mia Roma si sveglia di notte"}]},{"@type":"WebSite","@id":"https:\/\/www.expedia.it\/stories\/#website","url":"https:\/\/www.expedia.it\/stories\/","name":"Expedia.it","description":"Il Tuo Viaggio Comincia Qui","potentialAction":[{"@type":"SearchAction","target":{"@type":"EntryPoint","urlTemplate":"https:\/\/www.expedia.it\/stories\/?s={search_term_string}"},"query-input":{"@type":"PropertyValueSpecification","valueRequired":true,"valueName":"search_term_string"}}],"inLanguage":"en-US"},{"@type":"Person","@id":"https:\/\/www.expedia.it\/stories\/#\/schema\/person\/7420ac2a0d206769c4bee055dd92a389","name":"Expedia Team","image":{"@type":"ImageObject","inLanguage":"en-US","@id":"https:\/\/www.expedia.it\/stories\/#\/schema\/person\/image\/","url":"https:\/\/secure.gravatar.com\/avatar\/462d1c27805d4ef11d34ed16118fa530?s=96&d=mm&r=g","contentUrl":"https:\/\/secure.gravatar.com\/avatar\/462d1c27805d4ef11d34ed16118fa530?s=96&d=mm&r=g","caption":"Expedia Team"},"url":"https:\/\/www.expedia.it\/stories\/author\/expedia-team\/"}]}},"_links":{"self":[{"href":"https:\/\/www.expedia.it\/stories\/wp-json\/wp\/v2\/posts\/3966"}],"collection":[{"href":"https:\/\/www.expedia.it\/stories\/wp-json\/wp\/v2\/posts"}],"about":[{"href":"https:\/\/www.expedia.it\/stories\/wp-json\/wp\/v2\/types\/post"}],"author":[{"embeddable":true,"href":"https:\/\/www.expedia.it\/stories\/wp-json\/wp\/v2\/users\/6"}],"replies":[{"embeddable":true,"href":"https:\/\/www.expedia.it\/stories\/wp-json\/wp\/v2\/comments?post=3966"}],"version-history":[{"count":2,"href":"https:\/\/www.expedia.it\/stories\/wp-json\/wp\/v2\/posts\/3966\/revisions"}],"predecessor-version":[{"id":13957,"href":"https:\/\/www.expedia.it\/stories\/wp-json\/wp\/v2\/posts\/3966\/revisions\/13957"}],"wp:featuredmedia":[{"embeddable":true,"href":"https:\/\/www.expedia.it\/stories\/wp-json\/wp\/v2\/media\/3968"}],"wp:attachment":[{"href":"https:\/\/www.expedia.it\/stories\/wp-json\/wp\/v2\/media?parent=3966"}],"wp:term":[{"taxonomy":"category","embeddable":true,"href":"https:\/\/www.expedia.it\/stories\/wp-json\/wp\/v2\/categories?post=3966"},{"taxonomy":"post_tag","embeddable":true,"href":"https:\/\/www.expedia.it\/stories\/wp-json\/wp\/v2\/tags?post=3966"},{"taxonomy":"authors","embeddable":true,"href":"https:\/\/www.expedia.it\/stories\/wp-json\/wp\/v2\/authors?post=3966"}],"curies":[{"name":"wp","href":"https:\/\/api.w.org\/{rel}","templated":true}]}}