{"id":6589,"date":"2015-06-16T01:07:00","date_gmt":"2015-06-16T01:07:00","guid":{"rendered":"https:\/\/expedia.blog.it.sandwave.dev\/stories\/?p=6589"},"modified":"2021-09-01T22:13:50","modified_gmt":"2021-09-01T22:13:50","slug":"la-storia-dei-sassi-di-matera-tra-passato-e-futuro","status":"publish","type":"post","link":"https:\/\/www.expedia.it\/stories\/la-storia-dei-sassi-di-matera-tra-passato-e-futuro\/","title":{"rendered":"La storia dei Sassi di Matera tra passato e futuro"},"content":{"rendered":"<p>&#8220;Al netto dei discorsi retorici di turno, l&#8217;elezione di Matera a Capitale Europea della Cultura 2019 rappresenta un&#8217;occasione di riscatto irripetibile.<\/p>\n<p>Il treno per il futuro passer\u00e0 da Matera nel 2019, anno in cui la citt\u00e0 sar\u00e0 Capitale Europea della Cultura. Dopo anni di incuria, apatia, degrado e abbandono, la &#8220;Citt\u00e0 dei sassi&#8221; ha di fronte un&#8217;occasione irripetibile per lanciarsi a tutta velocit\u00e0 verso il futuro. Lo slogan scelto da Matera per la sua candidatura \u00e8 stato &#8220;Open Future&#8221;. Il concetto qui riassunto \u00e8 di per s\u00e9 rivoluzionario. Si tratta di progettare un nuovo modello per le arti performative che trasformi la citt\u00e0 in una grande officina in grado di produrre cultura senza cadere nella mera monetizzazione del proprio patrimonio. Arte che crea cultura che a sua volta attiva un circuito economico ancorato alla realt\u00e0. Proprio una citt\u00e0 antica come Matera pu\u00f2 realizzare senza paura questo progetto, visto le numerose volte in cui \u00e8 stata in grado di risollevarsi dalle crisi che l&#8217;hanno colpita. Come negli anni ottanta del secolo scorso ad esempio, quando la citt\u00e0 scelse di rivitalizzare e recuperare l&#8217;antica zona dei Sassi, lo storico quartiere dove Pasolini gir\u00f2 il suo <em>Vangelo secondo Matteo<\/em>.<\/p>\n<p>### La vergogna nazionale dei Sassi<\/p>\n<figure class='image' data-markdown='1'>\n<p><img decoding=\"async\" src=\"https:\/\/a.travel-assets.com\/findyours-php\/viewfinder\/images\/res40\/37000\/37852.jpg\" alt=\"\" \/><figcaption><a href=\"https:\/\/commons.wikimedia.org\/wiki\/User:Tango7174\">Sasso Caveoso &#8211; [picture](https:\/\/en.wikipedia.org\/wiki\/Sassi_di_Matera#\/media\/File:Basilicata_Matera6_tango7174.jpg) by [Tango7174](https:\/\/commons.wikimedia.org\/wiki\/User:Tango7174) &#8211; Own work. Licensed under [GFDL](http:\/\/www.gnu.org\/copyleft\/fdl.html) via [Wikimedia Commons](https:\/\/commons.wikimedia.org\/wiki\/File:Basilicata_Matera6_tango7174.jpg#\/media\/File:Basilicata_Matera6_tango7174.jpg)<\/a> &#8211; Own work. Licensed under <a href=\"http:\/\/www.gnu.org\/copyleft\/fdl.html\">GFDL<\/a> via <a href=\"https:\/\/commons.wikimedia.org\/wiki\/File:Basilicata_Matera6_tango7174.jpg#\/media\/File:Basilicata_Matera6_tango7174.jpg\">Wikimedia Commons<\/a>)<\/figcaption><\/figure>\n<p>La definizione risale agli anni cinquanta, quando il romanzo di Carlo Levi &#8220;<em>Cristo di \u00e8 fermato a Eboli<\/em>&#8221; narr\u00f2 le misere condizioni di vita degli abitanti dell&#8217;antico quartiere della citt\u00e0, le cui origini risalgono alla notte dei tempi. Le case grotta dei Sassi diventarono il simbolo dell&#8217;arretratezza e del sottosviluppo del meridione. Successivamente gli abitanti dell&#8217;antico rione furono trasferiti nei nuovi centri residenziali costruiti a met\u00e0 anni cinquanta e i Sassi caddero in rovina, diventando cos\u00ec nuovamente un simbolo, questa volta di un paese incapace di prendersi cura dei suoi immensi tesori culturali. Il decadimento del quartiere dalle tipiche abitazioni scavate nella roccia, and\u00f2 di pari passo con la forte emigrazione dei giovani dalla citt\u00e0 e culmin\u00f2 con lo scandalo della stazione ferroviaria mai completata, unico esempio al mondo di stazione senza binari.<\/p>\n<p>### Da vergogna nazionale a simbolo di riscatto<\/p>\n<figure class='image' data-markdown='1'>\n<p><img decoding=\"async\" src=\"https:\/\/a.travel-assets.com\/findyours-php\/viewfinder\/images\/res40\/94000\/94147.jpg\" alt=\"\" \/><figcaption>Credits: Shutterstock<\/figcaption><\/figure>\n<p>La svolta arriv\u00f2 verso la fine degli anni ottanta con il graduale recupero dei Sassi, che nel 1993 ricevettero il riconoscimento Unesco di Patrimonio dell&#8217;Umanit\u00e0. Un punto di partenza importante che prelude a quello ancora pi\u00f9 decisivo dell&#8217;ottobre 2014, quando l&#8217;antica citt\u00e0 vince la candidatura a Capitale Europea della Cultura, nonostante la forte concorrenza di citt\u00e0 come Bari, Perugia e Assisi. Perch\u00e9 Matera abbia vinto lo dice chiaramente Joseph Grima, direttore artistico di Matera 2019: &#8220;Matera \u00e8 la citt\u00e0 che lo voleva di pi\u00f9. Il livello di partecipazione \u00e8 stato veramente inaudito, era qualcosa che il territorio sentiva in un modo che nessun&#8217;altra citt\u00e0 sentiva&#8221;. La conseguenza di questa importante vittoria sar\u00e0 che per un anno, il 2019, Matera diventer\u00e0 un riferimento culturale importante per l&#8217;Europa.<\/p>\n<p>&#8220;&#8230;<em>Arrivai a una strada che da un solo lato era fiancheggiata da vecchie case e dall&#8217;altro costeggiava un precipizio. In quel precipizio \u00e8 Matera<\/em>&#8230;&#8221; scriveva Carlo Levi nel suo romanzo &#8220;Cristo si \u00e8 fermato a Eboli&#8221;. Una cosa \u00e8 certa: oggi Matera non si trova pi\u00f9 in quel precipizio.&#8221;<\/p>\n","protected":false},"excerpt":{"rendered":"<p>La storia dei Sassi di Matera tra passato e futuro<\/p>\n","protected":false},"author":6,"featured_media":6590,"comment_status":"open","ping_status":"open","sticky":false,"template":"","format":"standard","meta":{"_acf_changed":false,"footnotes":""},"categories":[87],"tags":[69,49,82,30],"authors":[],"class_list":["post-6589","post","type-post","status-publish","format-standard","has-post-thumbnail","hentry","category-citta","tag-city-break","tag-culture","tag-history","tag-staycation","entry"],"acf":[],"yoast_head":"<!-- This site is optimized with the Yoast SEO plugin v23.7 - https:\/\/yoast.com\/wordpress\/plugins\/seo\/ -->\n<title>La storia dei Sassi di Matera tra passato e futuro<\/title>\n<meta name=\"description\" content=\"La storia dei Sassi di Matera tra passato e futuro\" \/>\n<meta name=\"robots\" content=\"index, follow, max-snippet:-1, max-image-preview:large, max-video-preview:-1\" \/>\n<link rel=\"canonical\" href=\"https:\/\/www.expedia.it\/stories\/la-storia-dei-sassi-di-matera-tra-passato-e-futuro\/\" \/>\n<meta property=\"og:locale\" content=\"en_US\" \/>\n<meta property=\"og:type\" content=\"article\" \/>\n<meta property=\"og:title\" content=\"La storia dei Sassi di Matera tra passato e futuro\" \/>\n<meta property=\"og:description\" content=\"La storia dei Sassi di Matera tra passato e futuro\" \/>\n<meta property=\"og:url\" content=\"https:\/\/www.expedia.it\/stories\/la-storia-dei-sassi-di-matera-tra-passato-e-futuro\/\" \/>\n<meta property=\"og:site_name\" content=\"Expedia.it\" \/>\n<meta property=\"article:published_time\" content=\"2015-06-16T01:07:00+00:00\" \/>\n<meta property=\"article:modified_time\" content=\"2021-09-01T22:13:50+00:00\" \/>\n<meta property=\"og:image\" content=\"https:\/\/a.travel-assets.com\/findyours-php\/viewfinder\/images\/res40\/16000\/16527-share-image.jpg\" \/>\n<meta name=\"author\" content=\"Expedia Team\" \/>\n<meta name=\"twitter:card\" content=\"summary_large_image\" \/>\n<meta name=\"twitter:label1\" content=\"Written by\" \/>\n\t<meta name=\"twitter:data1\" content=\"Expedia Team\" \/>\n\t<meta name=\"twitter:label2\" content=\"Est. reading time\" \/>\n\t<meta name=\"twitter:data2\" content=\"3 minutes\" \/>\n<script type=\"application\/ld+json\" class=\"yoast-schema-graph\">{\"@context\":\"https:\/\/schema.org\",\"@graph\":[{\"@type\":\"WebPage\",\"@id\":\"https:\/\/www.expedia.it\/stories\/la-storia-dei-sassi-di-matera-tra-passato-e-futuro\/\",\"url\":\"https:\/\/www.expedia.it\/stories\/la-storia-dei-sassi-di-matera-tra-passato-e-futuro\/\",\"name\":\"La storia dei Sassi di Matera tra passato e futuro\",\"isPartOf\":{\"@id\":\"https:\/\/www.expedia.it\/stories\/#website\"},\"primaryImageOfPage\":{\"@id\":\"https:\/\/www.expedia.it\/stories\/la-storia-dei-sassi-di-matera-tra-passato-e-futuro\/#primaryimage\"},\"image\":{\"@id\":\"https:\/\/www.expedia.it\/stories\/la-storia-dei-sassi-di-matera-tra-passato-e-futuro\/#primaryimage\"},\"thumbnailUrl\":\"https:\/\/www.expedia.it\/stories\/wp-content\/uploads\/2021\/07\/16527-share-image.jpg\",\"datePublished\":\"2015-06-16T01:07:00+00:00\",\"dateModified\":\"2021-09-01T22:13:50+00:00\",\"author\":{\"@id\":\"https:\/\/www.expedia.it\/stories\/#\/schema\/person\/7420ac2a0d206769c4bee055dd92a389\"},\"description\":\"La storia dei Sassi di Matera tra passato e futuro\",\"breadcrumb\":{\"@id\":\"https:\/\/www.expedia.it\/stories\/la-storia-dei-sassi-di-matera-tra-passato-e-futuro\/#breadcrumb\"},\"inLanguage\":\"en-US\",\"potentialAction\":[{\"@type\":\"ReadAction\",\"target\":[\"https:\/\/www.expedia.it\/stories\/la-storia-dei-sassi-di-matera-tra-passato-e-futuro\/\"]}]},{\"@type\":\"ImageObject\",\"inLanguage\":\"en-US\",\"@id\":\"https:\/\/www.expedia.it\/stories\/la-storia-dei-sassi-di-matera-tra-passato-e-futuro\/#primaryimage\",\"url\":\"https:\/\/www.expedia.it\/stories\/wp-content\/uploads\/2021\/07\/16527-share-image.jpg\",\"contentUrl\":\"https:\/\/www.expedia.it\/stories\/wp-content\/uploads\/2021\/07\/16527-share-image.jpg\",\"width\":1024,\"height\":683},{\"@type\":\"BreadcrumbList\",\"@id\":\"https:\/\/www.expedia.it\/stories\/la-storia-dei-sassi-di-matera-tra-passato-e-futuro\/#breadcrumb\",\"itemListElement\":[{\"@type\":\"ListItem\",\"position\":1,\"name\":\"Explore\",\"item\":\"https:\/\/www.expedia.it\/stories\/\"},{\"@type\":\"ListItem\",\"position\":2,\"name\":\"Citt\u00e0\",\"item\":\"https:\/\/www.expedia.it\/stories\/citta\/\"},{\"@type\":\"ListItem\",\"position\":3,\"name\":\"La storia dei Sassi di Matera tra passato e futuro\"}]},{\"@type\":\"WebSite\",\"@id\":\"https:\/\/www.expedia.it\/stories\/#website\",\"url\":\"https:\/\/www.expedia.it\/stories\/\",\"name\":\"Expedia.it\",\"description\":\"Il Tuo Viaggio Comincia Qui\",\"potentialAction\":[{\"@type\":\"SearchAction\",\"target\":{\"@type\":\"EntryPoint\",\"urlTemplate\":\"https:\/\/www.expedia.it\/stories\/?s={search_term_string}\"},\"query-input\":{\"@type\":\"PropertyValueSpecification\",\"valueRequired\":true,\"valueName\":\"search_term_string\"}}],\"inLanguage\":\"en-US\"},{\"@type\":\"Person\",\"@id\":\"https:\/\/www.expedia.it\/stories\/#\/schema\/person\/7420ac2a0d206769c4bee055dd92a389\",\"name\":\"Expedia Team\",\"image\":{\"@type\":\"ImageObject\",\"inLanguage\":\"en-US\",\"@id\":\"https:\/\/www.expedia.it\/stories\/#\/schema\/person\/image\/\",\"url\":\"https:\/\/secure.gravatar.com\/avatar\/462d1c27805d4ef11d34ed16118fa530?s=96&d=mm&r=g\",\"contentUrl\":\"https:\/\/secure.gravatar.com\/avatar\/462d1c27805d4ef11d34ed16118fa530?s=96&d=mm&r=g\",\"caption\":\"Expedia Team\"},\"url\":\"https:\/\/www.expedia.it\/stories\/author\/expedia-team\/\"}]}<\/script>\n<!-- \/ Yoast SEO plugin. -->","yoast_head_json":{"title":"La storia dei Sassi di Matera tra passato e futuro","description":"La storia dei Sassi di Matera tra passato e futuro","robots":{"index":"index","follow":"follow","max-snippet":"max-snippet:-1","max-image-preview":"max-image-preview:large","max-video-preview":"max-video-preview:-1"},"canonical":"https:\/\/www.expedia.it\/stories\/la-storia-dei-sassi-di-matera-tra-passato-e-futuro\/","og_locale":"en_US","og_type":"article","og_title":"La storia dei Sassi di Matera tra passato e futuro","og_description":"La storia dei Sassi di Matera tra passato e futuro","og_url":"https:\/\/www.expedia.it\/stories\/la-storia-dei-sassi-di-matera-tra-passato-e-futuro\/","og_site_name":"Expedia.it","article_published_time":"2015-06-16T01:07:00+00:00","article_modified_time":"2021-09-01T22:13:50+00:00","og_image":[{"url":"https:\/\/a.travel-assets.com\/findyours-php\/viewfinder\/images\/res40\/16000\/16527-share-image.jpg"}],"author":"Expedia Team","twitter_card":"summary_large_image","twitter_misc":{"Written by":"Expedia Team","Est. reading time":"3 minutes"},"schema":{"@context":"https:\/\/schema.org","@graph":[{"@type":"WebPage","@id":"https:\/\/www.expedia.it\/stories\/la-storia-dei-sassi-di-matera-tra-passato-e-futuro\/","url":"https:\/\/www.expedia.it\/stories\/la-storia-dei-sassi-di-matera-tra-passato-e-futuro\/","name":"La storia dei Sassi di Matera tra passato e futuro","isPartOf":{"@id":"https:\/\/www.expedia.it\/stories\/#website"},"primaryImageOfPage":{"@id":"https:\/\/www.expedia.it\/stories\/la-storia-dei-sassi-di-matera-tra-passato-e-futuro\/#primaryimage"},"image":{"@id":"https:\/\/www.expedia.it\/stories\/la-storia-dei-sassi-di-matera-tra-passato-e-futuro\/#primaryimage"},"thumbnailUrl":"https:\/\/www.expedia.it\/stories\/wp-content\/uploads\/2021\/07\/16527-share-image.jpg","datePublished":"2015-06-16T01:07:00+00:00","dateModified":"2021-09-01T22:13:50+00:00","author":{"@id":"https:\/\/www.expedia.it\/stories\/#\/schema\/person\/7420ac2a0d206769c4bee055dd92a389"},"description":"La storia dei Sassi di Matera tra passato e futuro","breadcrumb":{"@id":"https:\/\/www.expedia.it\/stories\/la-storia-dei-sassi-di-matera-tra-passato-e-futuro\/#breadcrumb"},"inLanguage":"en-US","potentialAction":[{"@type":"ReadAction","target":["https:\/\/www.expedia.it\/stories\/la-storia-dei-sassi-di-matera-tra-passato-e-futuro\/"]}]},{"@type":"ImageObject","inLanguage":"en-US","@id":"https:\/\/www.expedia.it\/stories\/la-storia-dei-sassi-di-matera-tra-passato-e-futuro\/#primaryimage","url":"https:\/\/www.expedia.it\/stories\/wp-content\/uploads\/2021\/07\/16527-share-image.jpg","contentUrl":"https:\/\/www.expedia.it\/stories\/wp-content\/uploads\/2021\/07\/16527-share-image.jpg","width":1024,"height":683},{"@type":"BreadcrumbList","@id":"https:\/\/www.expedia.it\/stories\/la-storia-dei-sassi-di-matera-tra-passato-e-futuro\/#breadcrumb","itemListElement":[{"@type":"ListItem","position":1,"name":"Explore","item":"https:\/\/www.expedia.it\/stories\/"},{"@type":"ListItem","position":2,"name":"Citt\u00e0","item":"https:\/\/www.expedia.it\/stories\/citta\/"},{"@type":"ListItem","position":3,"name":"La storia dei Sassi di Matera tra passato e futuro"}]},{"@type":"WebSite","@id":"https:\/\/www.expedia.it\/stories\/#website","url":"https:\/\/www.expedia.it\/stories\/","name":"Expedia.it","description":"Il Tuo Viaggio Comincia Qui","potentialAction":[{"@type":"SearchAction","target":{"@type":"EntryPoint","urlTemplate":"https:\/\/www.expedia.it\/stories\/?s={search_term_string}"},"query-input":{"@type":"PropertyValueSpecification","valueRequired":true,"valueName":"search_term_string"}}],"inLanguage":"en-US"},{"@type":"Person","@id":"https:\/\/www.expedia.it\/stories\/#\/schema\/person\/7420ac2a0d206769c4bee055dd92a389","name":"Expedia Team","image":{"@type":"ImageObject","inLanguage":"en-US","@id":"https:\/\/www.expedia.it\/stories\/#\/schema\/person\/image\/","url":"https:\/\/secure.gravatar.com\/avatar\/462d1c27805d4ef11d34ed16118fa530?s=96&d=mm&r=g","contentUrl":"https:\/\/secure.gravatar.com\/avatar\/462d1c27805d4ef11d34ed16118fa530?s=96&d=mm&r=g","caption":"Expedia Team"},"url":"https:\/\/www.expedia.it\/stories\/author\/expedia-team\/"}]}},"_links":{"self":[{"href":"https:\/\/www.expedia.it\/stories\/wp-json\/wp\/v2\/posts\/6589"}],"collection":[{"href":"https:\/\/www.expedia.it\/stories\/wp-json\/wp\/v2\/posts"}],"about":[{"href":"https:\/\/www.expedia.it\/stories\/wp-json\/wp\/v2\/types\/post"}],"author":[{"embeddable":true,"href":"https:\/\/www.expedia.it\/stories\/wp-json\/wp\/v2\/users\/6"}],"replies":[{"embeddable":true,"href":"https:\/\/www.expedia.it\/stories\/wp-json\/wp\/v2\/comments?post=6589"}],"version-history":[{"count":2,"href":"https:\/\/www.expedia.it\/stories\/wp-json\/wp\/v2\/posts\/6589\/revisions"}],"predecessor-version":[{"id":14488,"href":"https:\/\/www.expedia.it\/stories\/wp-json\/wp\/v2\/posts\/6589\/revisions\/14488"}],"wp:featuredmedia":[{"embeddable":true,"href":"https:\/\/www.expedia.it\/stories\/wp-json\/wp\/v2\/media\/6590"}],"wp:attachment":[{"href":"https:\/\/www.expedia.it\/stories\/wp-json\/wp\/v2\/media?parent=6589"}],"wp:term":[{"taxonomy":"category","embeddable":true,"href":"https:\/\/www.expedia.it\/stories\/wp-json\/wp\/v2\/categories?post=6589"},{"taxonomy":"post_tag","embeddable":true,"href":"https:\/\/www.expedia.it\/stories\/wp-json\/wp\/v2\/tags?post=6589"},{"taxonomy":"authors","embeddable":true,"href":"https:\/\/www.expedia.it\/stories\/wp-json\/wp\/v2\/authors?post=6589"}],"curies":[{"name":"wp","href":"https:\/\/api.w.org\/{rel}","templated":true}]}}